{"id":4556,"date":"2022-04-25T09:00:04","date_gmt":"2022-04-25T07:00:04","guid":{"rendered":"https:\/\/www.meinejungs.com\/magazin\/?p=4556"},"modified":"2022-04-20T10:55:40","modified_gmt":"2022-04-20T08:55:40","slug":"vw-kaefer-verwandelt-sich-in-einen-porsche-992-gt3","status":"publish","type":"post","link":"https:\/\/www.meinejungs.com\/magazin\/vw-kaefer-verwandelt-sich-in-einen-porsche-992-gt3\/","title":{"rendered":"VW K\u00e4fer verwandelt sich in einen Porsche 992 GT3"},"content":{"rendered":"<p><div class=\"fusion-fullwidth fullwidth-box fusion-builder-row-1 fusion-flex-container faded-background fusion-parallax-none nonhundred-percent-fullwidth non-hundred-percent-height-scrolling fusion-no-small-visibility fusion-no-medium-visibility lazyload\" style=\"--awb-border-radius-top-left:0px;--awb-border-radius-top-right:0px;--awb-border-radius-bottom-right:0px;--awb-border-radius-bottom-left:0px;--awb-padding-top:24%;--awb-padding-right:3%;--awb-padding-left:3%;--awb-background-size:cover;--awb-flex-wrap:wrap;\" data-bg=\"https:\/\/www.meinejungs.com\/magazin\/wp-content\/uploads\/2022\/04\/vw-kaefer-als-porsche-992-gt3-khyzyl-saleem-konzept-mobility-2.jpg\" ><div class=\"fullwidth-faded lazyload\" style=\"--awb-background-color:#181818;--awb-background-size:cover;\" data-bg=\"https:\/\/www.meinejungs.com\/magazin\/wp-content\/uploads\/2022\/04\/vw-kaefer-als-porsche-992-gt3-khyzyl-saleem-konzept-mobility-2.jpg\" ><\/div><div class=\"fusion-builder-row fusion-row fusion-flex-align-items-flex-start fusion-flex-content-wrap\" style=\"max-width:calc( 90% + 0px );margin-left: calc(-0px \/ 2 );margin-right: calc(-0px \/ 2 );\"><div class=\"fusion-layout-column fusion_builder_column fusion-builder-column-0 fusion_builder_column_1_1 1_1 fusion-flex-column\" style=\"--awb-padding-top:6%;--awb-padding-right:8%;--awb-padding-left:8%;--awb-bg-color:#ffffff;--awb-bg-color-hover:#ffffff;--awb-bg-size:cover;--awb-width-large:100%;--awb-margin-top-large:0px;--awb-spacing-right-large:0px;--awb-margin-bottom-large:0px;--awb-spacing-left-large:0px;--awb-width-medium:100%;--awb-spacing-right-medium:0px;--awb-spacing-left-medium:0px;--awb-width-small:100%;--awb-spacing-right-small:0px;--awb-spacing-left-small:0px;\"><div class=\"fusion-column-wrapper fusion-flex-justify-content-flex-start fusion-content-layout-column\"><div class=\"fusion-text fusion-text-1 caption\"><p style=\"text-align: center;\">Fahrzeug<\/p>\n<\/div><div class=\"fusion-title title fusion-title-1 fusion-sep-none fusion-title-center fusion-title-text fusion-title-size-two\" style=\"--awb-margin-top:30px;--awb-margin-bottom:20px;\"><h2 class=\"fusion-title-heading title-heading-center fusion-responsive-typography-calculated\" style=\"margin:0;--fontSize:72;line-height:1.28;\">VW K\u00e4fer verwandelt sich in einen Porsche 992 GT3<\/h2><\/div><div class=\"fusion-separator\" style=\"align-self: center;margin-left: auto;margin-right: auto;margin-top:20px;margin-bottom:20px;width:100%;max-width:32px;\"><div class=\"fusion-separator-border sep-single sep-solid\" style=\"--awb-height:20px;--awb-amount:20px;--awb-sep-color:#181818;border-color:#181818;border-top-width:2px;\"><\/div><\/div><\/div><\/div><\/div><\/div><div class=\"fusion-fullwidth fullwidth-box fusion-builder-row-2 fusion-flex-container fusion-parallax-none nonhundred-percent-fullwidth non-hundred-percent-height-scrolling fusion-no-large-visibility lazyload\" style=\"--awb-border-radius-top-left:0px;--awb-border-radius-top-right:0px;--awb-border-radius-bottom-right:0px;--awb-border-radius-bottom-left:0px;--awb-padding-top-medium:40%;--awb-padding-bottom-medium:40%;--awb-padding-top-small:40%;--awb-padding-bottom-small:40%;--awb-background-size:cover;--awb-flex-wrap:wrap;\" data-bg=\"https:\/\/www.meinejungs.com\/magazin\/wp-content\/uploads\/2022\/04\/vw-kaefer-als-porsche-992-gt3-khyzyl-saleem-konzept-mobility-2.jpg\" ><div class=\"fusion-builder-row fusion-row fusion-flex-align-items-flex-start fusion-flex-content-wrap\" style=\"max-width:calc( 90% + 0px );margin-left: calc(-0px \/ 2 );margin-right: calc(-0px \/ 2 );\"><div class=\"fusion-layout-column fusion_builder_column fusion-builder-column-1 fusion_builder_column_1_1 1_1 fusion-flex-column\" style=\"--awb-bg-size:cover;--awb-width-large:100%;--awb-margin-top-large:20px;--awb-spacing-right-large:0px;--awb-margin-bottom-large:20px;--awb-spacing-left-large:0px;--awb-width-medium:100%;--awb-order-medium:0;--awb-spacing-right-medium:0px;--awb-spacing-left-medium:0px;--awb-width-small:100%;--awb-order-small:0;--awb-spacing-right-small:0px;--awb-spacing-left-small:0px;\"><div class=\"fusion-column-wrapper fusion-column-has-shadow fusion-flex-justify-content-flex-start fusion-content-layout-column\"><\/div><\/div><\/div><\/div><div class=\"fusion-fullwidth fullwidth-box fusion-builder-row-3 fusion-flex-container nonhundred-percent-fullwidth non-hundred-percent-height-scrolling fusion-no-large-visibility\" style=\"--awb-border-radius-top-left:0px;--awb-border-radius-top-right:0px;--awb-border-radius-bottom-right:0px;--awb-border-radius-bottom-left:0px;--awb-flex-wrap:wrap;\" ><div class=\"fusion-builder-row fusion-row fusion-flex-align-items-flex-start fusion-flex-content-wrap\" style=\"max-width:calc( 90% + 0px );margin-left: calc(-0px \/ 2 );margin-right: calc(-0px \/ 2 );\"><div class=\"fusion-layout-column fusion_builder_column fusion-builder-column-2 fusion_builder_column_1_1 1_1 fusion-flex-column\" style=\"--awb-padding-top:6%;--awb-padding-top-medium:10%;--awb-padding-top-small:10%;--awb-bg-color:#ffffff;--awb-bg-color-hover:#ffffff;--awb-bg-size:cover;--awb-width-large:100%;--awb-margin-top-large:0px;--awb-spacing-right-large:0px;--awb-margin-bottom-large:0px;--awb-spacing-left-large:0px;--awb-width-medium:100%;--awb-order-medium:0;--awb-spacing-right-medium:0px;--awb-spacing-left-medium:0px;--awb-width-small:100%;--awb-order-small:0;--awb-spacing-right-small:0px;--awb-spacing-left-small:0px;\"><div class=\"fusion-column-wrapper fusion-column-has-shadow fusion-flex-justify-content-flex-start fusion-content-layout-column\"><div class=\"fusion-text fusion-text-2 caption\"><p style=\"text-align: center;\">Fahrzeug<\/p>\n<\/div><div class=\"fusion-title title fusion-title-2 fusion-sep-none fusion-title-center fusion-title-text fusion-title-size-two\" style=\"--awb-margin-top:15px;--awb-margin-bottom:20px;--awb-font-size:52px;\"><h2 class=\"fusion-title-heading title-heading-center fusion-responsive-typography-calculated\" style=\"margin:0;font-size:1em;--fontSize:52;line-height:1.28;\">VW K\u00e4fer verwandelt sich in einen Porsche 992 GT3<\/h2><\/div><div class=\"fusion-separator\" style=\"align-self: center;margin-left: auto;margin-right: auto;margin-top:20px;margin-bottom:10px;width:100%;max-width:32px;\"><div class=\"fusion-separator-border sep-single sep-solid\" style=\"--awb-height:20px;--awb-amount:20px;--awb-sep-color:#181818;border-color:#181818;border-top-width:2px;\"><\/div><\/div><\/div><\/div><\/div><\/div><div class=\"fusion-fullwidth fullwidth-box fusion-builder-row-4 fusion-flex-container nonhundred-percent-fullwidth non-hundred-percent-height-scrolling\" style=\"--awb-border-radius-top-left:0px;--awb-border-radius-top-right:0px;--awb-border-radius-bottom-right:0px;--awb-border-radius-bottom-left:0px;--awb-padding-top:10px;--awb-padding-bottom:4%;--awb-flex-wrap:wrap;\" ><div class=\"fusion-builder-row fusion-row fusion-flex-align-items-flex-start fusion-flex-content-wrap\" style=\"max-width:calc( 90% + 0px );margin-left: calc(-0px \/ 2 );margin-right: calc(-0px \/ 2 );\"><div class=\"fusion-layout-column fusion_builder_column fusion-builder-column-3 fusion_builder_column_1_6 1_6 fusion-flex-column fusion-no-small-visibility fusion-no-medium-visibility\" style=\"--awb-bg-size:cover;--awb-width-large:16.666666666667%;--awb-margin-top-large:20px;--awb-spacing-right-large:0;--awb-margin-bottom-large:20px;--awb-spacing-left-large:0px;--awb-width-medium:100%;--awb-spacing-right-medium:0px;--awb-spacing-left-medium:0px;--awb-width-small:100%;--awb-spacing-right-small:0px;--awb-spacing-left-small:0px;\"><div class=\"fusion-column-wrapper fusion-flex-justify-content-flex-start fusion-content-layout-column\"><\/div><\/div><div class=\"fusion-layout-column fusion_builder_column fusion-builder-column-4 fusion_builder_column_2_3 2_3 fusion-flex-column\" style=\"--awb-bg-size:cover;--awb-width-large:66.666666666667%;--awb-margin-top-large:20px;--awb-spacing-right-large:0;--awb-margin-bottom-large:20px;--awb-spacing-left-large:0;--awb-width-medium:100%;--awb-spacing-right-medium:0px;--awb-spacing-left-medium:0px;--awb-width-small:100%;--awb-spacing-right-small:0px;--awb-spacing-left-small:0px;\"><div class=\"fusion-column-wrapper fusion-flex-justify-content-flex-start fusion-content-layout-column\"><div class=\"fusion-text fusion-text-3\" style=\"--awb-content-alignment:center;--awb-font-size:22px;--awb-line-height:1.5em;\"><p>Das Rendering des Konzeptk\u00fcnstlers Khyzyl Saleem kombiniert zwei der kultigsten Autos der Branche. Das Ergebnis: Ein klassisch geschnittener VW K\u00e4fer mit den modernen und aggressiven Merkmalen des Porsche 992 GT3.<br \/>\n<em>Credits: <a href=\"https:\/\/www.instagram.com\/the_kyza\/?hl=de\" target=\"_blank\" rel=\"noopener noreferrer\">Khyzyl Saleem<\/a><\/em><\/p>\n<\/div><div class=\"fusion-separator fusion-full-width-sep\" style=\"align-self: center;margin-left: auto;margin-right: auto;margin-top:30px;width:100%;\"><\/div><div class=\"fusion-text fusion-text-4\"><p>Es ist eines der wohl bekanntesten Autos weltweit: Der VW K\u00e4fer. 1938 entstand das erste Modell, 2003 das letzte. Mit \u00fcber 21,5 Millionen Fahrzeugen war der K\u00e4fer das meistverkaufte Auto der Welt, bevor er im Juni 2002 vom VW Golf \u00fcbertroffen wurde. Im April 2011 stellte die Volkswagen AG dann den \u201cK\u00e4fer des 21. Jahrhunderts\u201d, den VW Beetle, vor. Seitdem bef\u00e4hrt das Automobil, dessen Retro-Design an den VW K\u00e4fer angelehnt ist, die internationalen Stra\u00dfen und gilt bis heute als eines der kultigsten Autos der Welt. Den Stellenwert des Fahrzeugs hat auch Konzeptk\u00fcnstler Khyzyl Sareem erkannt und sich die kultige Ikone f\u00fcr ein ganz besonderes Projekt vorgenommen: Er kombinierte den VW K\u00e4fer mit einem Porsche 992 GT3.<\/p>\n<p>Das Besondere an seinem Konzept: Saleem beh\u00e4lt die klassischen Proportionen des K\u00e4fers bei und integriert die schnittigen und aggressiven Merkmale des 992 GT3. Diese zeichnen sich besonders am Frontsplitter, den Seitenspiegeln, den Schwanenschwanz-Kotfl\u00fcgeln, dem Heckdiffusor und den Scheinwerfern ab.<\/p>\n<\/div><\/div><\/div><div class=\"fusion-layout-column fusion_builder_column fusion-builder-column-5 fusion_builder_column_1_6 1_6 fusion-flex-column fusion-no-small-visibility fusion-no-medium-visibility\" style=\"--awb-bg-size:cover;--awb-width-large:16.666666666667%;--awb-margin-top-large:20px;--awb-spacing-right-large:0px;--awb-margin-bottom-large:20px;--awb-spacing-left-large:0;--awb-width-medium:100%;--awb-spacing-right-medium:0px;--awb-spacing-left-medium:0px;--awb-width-small:100%;--awb-spacing-right-small:0px;--awb-spacing-left-small:0px;\"><div class=\"fusion-column-wrapper fusion-flex-justify-content-flex-start fusion-content-layout-column\"><\/div><\/div><\/div><\/div><div class=\"fusion-fullwidth fullwidth-box fusion-builder-row-5 fusion-flex-container nonhundred-percent-fullwidth non-hundred-percent-height-scrolling\" style=\"--awb-border-radius-top-left:0px;--awb-border-radius-top-right:0px;--awb-border-radius-bottom-right:0px;--awb-border-radius-bottom-left:0px;--awb-flex-wrap:wrap;\" ><div class=\"fusion-builder-row fusion-row fusion-flex-align-items-flex-start fusion-flex-content-wrap\" style=\"max-width:93.6%;margin-left: calc(-4% \/ 2 );margin-right: calc(-4% \/ 2 );\"><div class=\"fusion-layout-column fusion_builder_column fusion-builder-column-6 fusion_builder_column_1_2 1_2 fusion-flex-column\" style=\"--awb-bg-size:cover;--awb-width-large:50%;--awb-margin-top-large:20px;--awb-spacing-right-large:3.84%;--awb-margin-bottom-large:20px;--awb-spacing-left-large:3.84%;--awb-width-medium:100%;--awb-order-medium:0;--awb-spacing-right-medium:1.92%;--awb-spacing-left-medium:1.92%;--awb-width-small:100%;--awb-order-small:0;--awb-spacing-right-small:1.92%;--awb-spacing-left-small:1.92%;\"><div class=\"fusion-column-wrapper fusion-column-has-shadow fusion-flex-justify-content-flex-start fusion-content-layout-column\"><div class=\"fusion-image-element \" style=\"--awb-caption-title-font-family:var(--h2_typography-font-family);--awb-caption-title-font-weight:var(--h2_typography-font-weight);--awb-caption-title-font-style:var(--h2_typography-font-style);--awb-caption-title-size:var(--h2_typography-font-size);--awb-caption-title-transform:var(--h2_typography-text-transform);--awb-caption-title-line-height:var(--h2_typography-line-height);--awb-caption-title-letter-spacing:var(--h2_typography-letter-spacing);\"><span class=\" fusion-imageframe imageframe-none imageframe-1 hover-type-zoomin\"><img decoding=\"async\" width=\"1600\" height=\"1067\" src=\"https:\/\/www.meinejungs.com\/magazin\/wp-content\/uploads\/2022\/04\/vw-kaefer-als-porsche-992-gt3-khyzyl-saleem-konzept-mobility-2.jpg\" data-orig-src=\"https:\/\/www.meinejungs.com\/magazin\/wp-content\/uploads\/2022\/04\/vw-kaefer-als-porsche-992-gt3-khyzyl-saleem-konzept-mobility-2.jpg\" alt class=\"lazyload img-responsive wp-image-4560\" srcset=\"data:image\/svg+xml,%3Csvg%20xmlns%3D%27http%3A%2F%2Fwww.w3.org%2F2000%2Fsvg%27%20width%3D%271600%27%20height%3D%271067%27%20viewBox%3D%270%200%201600%201067%27%3E%3Crect%20width%3D%271600%27%20height%3D%271067%27%20fill-opacity%3D%220%22%2F%3E%3C%2Fsvg%3E\" data-srcset=\"https:\/\/www.meinejungs.com\/magazin\/wp-content\/uploads\/2022\/04\/vw-kaefer-als-porsche-992-gt3-khyzyl-saleem-konzept-mobility-2-200x133.jpg 200w, https:\/\/www.meinejungs.com\/magazin\/wp-content\/uploads\/2022\/04\/vw-kaefer-als-porsche-992-gt3-khyzyl-saleem-konzept-mobility-2-400x267.jpg 400w, https:\/\/www.meinejungs.com\/magazin\/wp-content\/uploads\/2022\/04\/vw-kaefer-als-porsche-992-gt3-khyzyl-saleem-konzept-mobility-2-600x400.jpg 600w, https:\/\/www.meinejungs.com\/magazin\/wp-content\/uploads\/2022\/04\/vw-kaefer-als-porsche-992-gt3-khyzyl-saleem-konzept-mobility-2-800x534.jpg 800w, https:\/\/www.meinejungs.com\/magazin\/wp-content\/uploads\/2022\/04\/vw-kaefer-als-porsche-992-gt3-khyzyl-saleem-konzept-mobility-2-1200x800.jpg 1200w, https:\/\/www.meinejungs.com\/magazin\/wp-content\/uploads\/2022\/04\/vw-kaefer-als-porsche-992-gt3-khyzyl-saleem-konzept-mobility-2.jpg 1600w\" data-sizes=\"auto\" data-orig-sizes=\"(max-width: 1024px) 100vw, (max-width: 640px) 100vw, 1200px\" \/><\/span><\/div><\/div><\/div><div class=\"fusion-layout-column fusion_builder_column fusion-builder-column-7 fusion_builder_column_1_2 1_2 fusion-flex-column\" style=\"--awb-bg-size:cover;--awb-width-large:50%;--awb-margin-top-large:20px;--awb-spacing-right-large:3.84%;--awb-margin-bottom-large:20px;--awb-spacing-left-large:3.84%;--awb-width-medium:100%;--awb-order-medium:0;--awb-spacing-right-medium:1.92%;--awb-spacing-left-medium:1.92%;--awb-width-small:100%;--awb-order-small:0;--awb-spacing-right-small:1.92%;--awb-spacing-left-small:1.92%;\"><div class=\"fusion-column-wrapper fusion-column-has-shadow fusion-flex-justify-content-flex-start fusion-content-layout-column\"><div class=\"fusion-image-element \" style=\"--awb-caption-title-font-family:var(--h2_typography-font-family);--awb-caption-title-font-weight:var(--h2_typography-font-weight);--awb-caption-title-font-style:var(--h2_typography-font-style);--awb-caption-title-size:var(--h2_typography-font-size);--awb-caption-title-transform:var(--h2_typography-text-transform);--awb-caption-title-line-height:var(--h2_typography-line-height);--awb-caption-title-letter-spacing:var(--h2_typography-letter-spacing);\"><span class=\" fusion-imageframe imageframe-none imageframe-2 hover-type-zoomin\"><img decoding=\"async\" width=\"2560\" height=\"1707\" src=\"https:\/\/www.meinejungs.com\/magazin\/wp-content\/uploads\/2022\/04\/VWK\u00e4fer_Porsche-scaled.jpg\" data-orig-src=\"https:\/\/www.meinejungs.com\/magazin\/wp-content\/uploads\/2022\/04\/VWK\u00e4fer_Porsche-scaled.jpg\" alt class=\"lazyload img-responsive wp-image-4563\" srcset=\"data:image\/svg+xml,%3Csvg%20xmlns%3D%27http%3A%2F%2Fwww.w3.org%2F2000%2Fsvg%27%20width%3D%272560%27%20height%3D%271707%27%20viewBox%3D%270%200%202560%201707%27%3E%3Crect%20width%3D%272560%27%20height%3D%271707%27%20fill-opacity%3D%220%22%2F%3E%3C%2Fsvg%3E\" data-srcset=\"https:\/\/www.meinejungs.com\/magazin\/wp-content\/uploads\/2022\/04\/VWK\u00e4fer_Porsche-200x133.jpg 200w, https:\/\/www.meinejungs.com\/magazin\/wp-content\/uploads\/2022\/04\/VWK\u00e4fer_Porsche-400x267.jpg 400w, https:\/\/www.meinejungs.com\/magazin\/wp-content\/uploads\/2022\/04\/VWK\u00e4fer_Porsche-600x400.jpg 600w, https:\/\/www.meinejungs.com\/magazin\/wp-content\/uploads\/2022\/04\/VWK\u00e4fer_Porsche-800x533.jpg 800w, https:\/\/www.meinejungs.com\/magazin\/wp-content\/uploads\/2022\/04\/VWK\u00e4fer_Porsche-1200x800.jpg 1200w, https:\/\/www.meinejungs.com\/magazin\/wp-content\/uploads\/2022\/04\/VWK\u00e4fer_Porsche-scaled.jpg 2560w\" data-sizes=\"auto\" data-orig-sizes=\"(max-width: 1024px) 100vw, (max-width: 640px) 100vw, 1200px\" \/><\/span><\/div><\/div><\/div><\/div><\/div><div class=\"fusion-fullwidth fullwidth-box fusion-builder-row-6 fusion-flex-container nonhundred-percent-fullwidth non-hundred-percent-height-scrolling\" style=\"--awb-border-radius-top-left:0px;--awb-border-radius-top-right:0px;--awb-border-radius-bottom-right:0px;--awb-border-radius-bottom-left:0px;--awb-flex-wrap:wrap;\" ><div class=\"fusion-builder-row fusion-row fusion-flex-align-items-flex-start fusion-flex-content-wrap\" style=\"max-width:93.6%;margin-left: calc(-4% \/ 2 );margin-right: calc(-4% \/ 2 );\"><div class=\"fusion-layout-column fusion_builder_column fusion-builder-column-8 fusion_builder_column_1_2 1_2 fusion-flex-column\" style=\"--awb-bg-size:cover;--awb-width-large:50%;--awb-margin-top-large:20px;--awb-spacing-right-large:3.84%;--awb-margin-bottom-large:20px;--awb-spacing-left-large:3.84%;--awb-width-medium:100%;--awb-order-medium:0;--awb-spacing-right-medium:1.92%;--awb-spacing-left-medium:1.92%;--awb-width-small:100%;--awb-order-small:0;--awb-spacing-right-small:1.92%;--awb-spacing-left-small:1.92%;\"><div class=\"fusion-column-wrapper fusion-column-has-shadow fusion-flex-justify-content-flex-start fusion-content-layout-column\"><div class=\"fusion-image-element \" style=\"--awb-caption-title-font-family:var(--h2_typography-font-family);--awb-caption-title-font-weight:var(--h2_typography-font-weight);--awb-caption-title-font-style:var(--h2_typography-font-style);--awb-caption-title-size:var(--h2_typography-font-size);--awb-caption-title-transform:var(--h2_typography-text-transform);--awb-caption-title-line-height:var(--h2_typography-line-height);--awb-caption-title-letter-spacing:var(--h2_typography-letter-spacing);\"><span class=\" fusion-imageframe imageframe-none imageframe-3 hover-type-zoomin\"><img decoding=\"async\" width=\"1600\" height=\"1067\" src=\"https:\/\/www.meinejungs.com\/magazin\/wp-content\/uploads\/2022\/04\/vw-kaefer-porsche-992-gt3-khyzyl-saleem-konzept-mobility-1.jpg\" data-orig-src=\"https:\/\/www.meinejungs.com\/magazin\/wp-content\/uploads\/2022\/04\/vw-kaefer-porsche-992-gt3-khyzyl-saleem-konzept-mobility-1.jpg\" alt class=\"lazyload img-responsive wp-image-4562\" srcset=\"data:image\/svg+xml,%3Csvg%20xmlns%3D%27http%3A%2F%2Fwww.w3.org%2F2000%2Fsvg%27%20width%3D%271600%27%20height%3D%271067%27%20viewBox%3D%270%200%201600%201067%27%3E%3Crect%20width%3D%271600%27%20height%3D%271067%27%20fill-opacity%3D%220%22%2F%3E%3C%2Fsvg%3E\" data-srcset=\"https:\/\/www.meinejungs.com\/magazin\/wp-content\/uploads\/2022\/04\/vw-kaefer-porsche-992-gt3-khyzyl-saleem-konzept-mobility-1-200x133.jpg 200w, https:\/\/www.meinejungs.com\/magazin\/wp-content\/uploads\/2022\/04\/vw-kaefer-porsche-992-gt3-khyzyl-saleem-konzept-mobility-1-400x267.jpg 400w, https:\/\/www.meinejungs.com\/magazin\/wp-content\/uploads\/2022\/04\/vw-kaefer-porsche-992-gt3-khyzyl-saleem-konzept-mobility-1-600x400.jpg 600w, https:\/\/www.meinejungs.com\/magazin\/wp-content\/uploads\/2022\/04\/vw-kaefer-porsche-992-gt3-khyzyl-saleem-konzept-mobility-1-800x534.jpg 800w, https:\/\/www.meinejungs.com\/magazin\/wp-content\/uploads\/2022\/04\/vw-kaefer-porsche-992-gt3-khyzyl-saleem-konzept-mobility-1-1200x800.jpg 1200w, https:\/\/www.meinejungs.com\/magazin\/wp-content\/uploads\/2022\/04\/vw-kaefer-porsche-992-gt3-khyzyl-saleem-konzept-mobility-1.jpg 1600w\" data-sizes=\"auto\" data-orig-sizes=\"(max-width: 1024px) 100vw, (max-width: 640px) 100vw, 1200px\" \/><\/span><\/div><\/div><\/div><div class=\"fusion-layout-column fusion_builder_column fusion-builder-column-9 fusion_builder_column_1_2 1_2 fusion-flex-column\" style=\"--awb-bg-size:cover;--awb-width-large:50%;--awb-margin-top-large:20px;--awb-spacing-right-large:3.84%;--awb-margin-bottom-large:20px;--awb-spacing-left-large:3.84%;--awb-width-medium:100%;--awb-order-medium:0;--awb-spacing-right-medium:1.92%;--awb-spacing-left-medium:1.92%;--awb-width-small:100%;--awb-order-small:0;--awb-spacing-right-small:1.92%;--awb-spacing-left-small:1.92%;\"><div class=\"fusion-column-wrapper fusion-column-has-shadow fusion-flex-justify-content-flex-start fusion-content-layout-column\"><div class=\"fusion-image-element \" style=\"--awb-caption-title-font-family:var(--h2_typography-font-family);--awb-caption-title-font-weight:var(--h2_typography-font-weight);--awb-caption-title-font-style:var(--h2_typography-font-style);--awb-caption-title-size:var(--h2_typography-font-size);--awb-caption-title-transform:var(--h2_typography-text-transform);--awb-caption-title-line-height:var(--h2_typography-line-height);--awb-caption-title-letter-spacing:var(--h2_typography-letter-spacing);\"><span class=\" fusion-imageframe imageframe-none imageframe-4 hover-type-zoomin\"><img decoding=\"async\" width=\"1600\" height=\"1067\" src=\"https:\/\/www.meinejungs.com\/magazin\/wp-content\/uploads\/2022\/04\/vw-kaefer-als-porsche-992-gt3-khyzyl-saleem-konzept-mobility-4.jpg\" data-orig-src=\"https:\/\/www.meinejungs.com\/magazin\/wp-content\/uploads\/2022\/04\/vw-kaefer-als-porsche-992-gt3-khyzyl-saleem-konzept-mobility-4.jpg\" alt class=\"lazyload img-responsive wp-image-4561\" srcset=\"data:image\/svg+xml,%3Csvg%20xmlns%3D%27http%3A%2F%2Fwww.w3.org%2F2000%2Fsvg%27%20width%3D%271600%27%20height%3D%271067%27%20viewBox%3D%270%200%201600%201067%27%3E%3Crect%20width%3D%271600%27%20height%3D%271067%27%20fill-opacity%3D%220%22%2F%3E%3C%2Fsvg%3E\" data-srcset=\"https:\/\/www.meinejungs.com\/magazin\/wp-content\/uploads\/2022\/04\/vw-kaefer-als-porsche-992-gt3-khyzyl-saleem-konzept-mobility-4-200x133.jpg 200w, https:\/\/www.meinejungs.com\/magazin\/wp-content\/uploads\/2022\/04\/vw-kaefer-als-porsche-992-gt3-khyzyl-saleem-konzept-mobility-4-400x267.jpg 400w, https:\/\/www.meinejungs.com\/magazin\/wp-content\/uploads\/2022\/04\/vw-kaefer-als-porsche-992-gt3-khyzyl-saleem-konzept-mobility-4-600x400.jpg 600w, https:\/\/www.meinejungs.com\/magazin\/wp-content\/uploads\/2022\/04\/vw-kaefer-als-porsche-992-gt3-khyzyl-saleem-konzept-mobility-4-800x534.jpg 800w, https:\/\/www.meinejungs.com\/magazin\/wp-content\/uploads\/2022\/04\/vw-kaefer-als-porsche-992-gt3-khyzyl-saleem-konzept-mobility-4-1200x800.jpg 1200w, https:\/\/www.meinejungs.com\/magazin\/wp-content\/uploads\/2022\/04\/vw-kaefer-als-porsche-992-gt3-khyzyl-saleem-konzept-mobility-4.jpg 1600w\" data-sizes=\"auto\" data-orig-sizes=\"(max-width: 1024px) 100vw, (max-width: 640px) 100vw, 1200px\" \/><\/span><\/div><\/div><\/div><\/div><\/div><div class=\"fusion-fullwidth fullwidth-box fusion-builder-row-7 fusion-flex-container nonhundred-percent-fullwidth non-hundred-percent-height-scrolling\" style=\"--awb-border-radius-top-left:0px;--awb-border-radius-top-right:0px;--awb-border-radius-bottom-right:0px;--awb-border-radius-bottom-left:0px;--awb-flex-wrap:wrap;\" ><div class=\"fusion-builder-row fusion-row fusion-flex-align-items-flex-start fusion-flex-content-wrap\" style=\"max-width:93.6%;margin-left: calc(-4% \/ 2 );margin-right: calc(-4% \/ 2 );\"><div class=\"fusion-layout-column fusion_builder_column fusion-builder-column-10 fusion_builder_column_1_1 1_1 fusion-flex-column\" style=\"--awb-bg-size:cover;--awb-width-large:100%;--awb-margin-top-large:20px;--awb-spacing-right-large:1.92%;--awb-margin-bottom-large:20px;--awb-spacing-left-large:1.92%;--awb-width-medium:100%;--awb-order-medium:0;--awb-spacing-right-medium:1.92%;--awb-spacing-left-medium:1.92%;--awb-width-small:100%;--awb-order-small:0;--awb-spacing-right-small:1.92%;--awb-spacing-left-small:1.92%;\"><div class=\"fusion-column-wrapper fusion-column-has-shadow fusion-flex-justify-content-flex-start fusion-content-layout-column\"><div class=\"fusion-video fusion-youtube\" style=\"--awb-max-width:1200px;--awb-max-height:675px;--awb-align-self:center;--awb-width:100%;\"><div class=\"video-shortcode\"><div class=\"fluid-width-video-wrapper\" style=\"padding-top:56.25%;\" ><iframe title=\"YouTube video player 1\" src=\"https:\/\/www.youtube.com\/embed\/DOrAAXS1D50?wmode=transparent&autoplay=0\" width=\"1200\" height=\"675\" allowfullscreen allow=\"autoplay; fullscreen\"><\/iframe><\/div><\/div><\/div><\/div><\/div><\/div><\/div><div class=\"fusion-fullwidth fullwidth-box fusion-builder-row-8 fusion-flex-container nonhundred-percent-fullwidth non-hundred-percent-height-scrolling\" style=\"--awb-border-radius-top-left:0px;--awb-border-radius-top-right:0px;--awb-border-radius-bottom-right:0px;--awb-border-radius-bottom-left:0px;--awb-flex-wrap:wrap;\" ><div class=\"fusion-builder-row fusion-row fusion-flex-align-items-flex-start fusion-flex-content-wrap\" style=\"max-width:93.6%;margin-left: calc(-4% \/ 2 );margin-right: calc(-4% \/ 2 );\"><div class=\"fusion-layout-column fusion_builder_column fusion-builder-column-11 fusion_builder_column_1_1 1_1 fusion-flex-column\" style=\"--awb-bg-size:cover;--awb-width-large:100%;--awb-margin-top-large:20px;--awb-spacing-right-large:1.92%;--awb-margin-bottom-large:20px;--awb-spacing-left-large:1.92%;--awb-width-medium:100%;--awb-order-medium:0;--awb-spacing-right-medium:1.92%;--awb-spacing-left-medium:1.92%;--awb-width-small:100%;--awb-order-small:0;--awb-spacing-right-small:1.92%;--awb-spacing-left-small:1.92%;\"><div class=\"fusion-column-wrapper fusion-column-has-shadow fusion-flex-justify-content-flex-start fusion-content-layout-column\"><div class=\"fusion-widget fusion-widget-element fusion-widget-area fusion-content-widget-area wpWidget-1 wp_widget_tag_cloud\" style=\"--awb-fusion-border-size:0px;--awb-fusion-border-style:solid;\"><div class=\"widget widget_tag_cloud\"><div class=\"heading\"><h4 class=\"widget-title\">Weitere Themen<\/h4><\/div><div class=\"tagcloud\"><a href=\"https:\/\/www.meinejungs.com\/magazin\/tag\/911\/\" class=\"tag-cloud-link tag-link-241 tag-link-position-1\" aria-label=\"911 (9\u00a0Eintr\u00e4ge)\">911<\/a>\n<a href=\"https:\/\/www.meinejungs.com\/magazin\/tag\/abenteuer\/\" class=\"tag-cloud-link tag-link-75 tag-link-position-2\" aria-label=\"Abenteuer (20\u00a0Eintr\u00e4ge)\">Abenteuer<\/a>\n<a href=\"https:\/\/www.meinejungs.com\/magazin\/tag\/airbnb\/\" class=\"tag-cloud-link tag-link-103 tag-link-position-3\" aria-label=\"AirBnB (8\u00a0Eintr\u00e4ge)\">AirBnB<\/a>\n<a href=\"https:\/\/www.meinejungs.com\/magazin\/tag\/architektur\/\" class=\"tag-cloud-link tag-link-28 tag-link-position-4\" aria-label=\"Architektur (106\u00a0Eintr\u00e4ge)\">Architektur<\/a>\n<a href=\"https:\/\/www.meinejungs.com\/magazin\/tag\/auto\/\" class=\"tag-cloud-link tag-link-92 tag-link-position-5\" aria-label=\"Auto (22\u00a0Eintr\u00e4ge)\">Auto<\/a>\n<a href=\"https:\/\/www.meinejungs.com\/magazin\/tag\/bike\/\" class=\"tag-cloud-link tag-link-170 tag-link-position-6\" aria-label=\"Bike (10\u00a0Eintr\u00e4ge)\">Bike<\/a>\n<a href=\"https:\/\/www.meinejungs.com\/magazin\/tag\/buch-des-monats\/\" class=\"tag-cloud-link tag-link-589 tag-link-position-7\" aria-label=\"Buch des Monats (12\u00a0Eintr\u00e4ge)\">Buch des Monats<\/a>\n<a href=\"https:\/\/www.meinejungs.com\/magazin\/tag\/buchempfehlung\/\" class=\"tag-cloud-link tag-link-254 tag-link-position-8\" aria-label=\"Buchempfehlung (12\u00a0Eintr\u00e4ge)\">Buchempfehlung<\/a>\n<a href=\"https:\/\/www.meinejungs.com\/magazin\/tag\/buecher\/\" class=\"tag-cloud-link tag-link-357 tag-link-position-9\" aria-label=\"B\u00fccher (12\u00a0Eintr\u00e4ge)\">B\u00fccher<\/a>\n<a href=\"https:\/\/www.meinejungs.com\/magazin\/tag\/camper\/\" class=\"tag-cloud-link tag-link-190 tag-link-position-10\" aria-label=\"Camper (13\u00a0Eintr\u00e4ge)\">Camper<\/a>\n<a href=\"https:\/\/www.meinejungs.com\/magazin\/tag\/camping\/\" class=\"tag-cloud-link tag-link-72 tag-link-position-11\" aria-label=\"Camping (10\u00a0Eintr\u00e4ge)\">Camping<\/a>\n<a href=\"https:\/\/www.meinejungs.com\/magazin\/tag\/design\/\" class=\"tag-cloud-link tag-link-64 tag-link-position-12\" aria-label=\"Design (120\u00a0Eintr\u00e4ge)\">Design<\/a>\n<a href=\"https:\/\/www.meinejungs.com\/magazin\/tag\/essentials\/\" class=\"tag-cloud-link tag-link-598 tag-link-position-13\" aria-label=\"Essentials (10\u00a0Eintr\u00e4ge)\">Essentials<\/a>\n<a href=\"https:\/\/www.meinejungs.com\/magazin\/tag\/fahrrad\/\" class=\"tag-cloud-link tag-link-171 tag-link-position-14\" aria-label=\"Fahrrad (10\u00a0Eintr\u00e4ge)\">Fahrrad<\/a>\n<a href=\"https:\/\/www.meinejungs.com\/magazin\/tag\/fahrzeug\/\" class=\"tag-cloud-link tag-link-93 tag-link-position-15\" aria-label=\"Fahrzeug (76\u00a0Eintr\u00e4ge)\">Fahrzeug<\/a>\n<a href=\"https:\/\/www.meinejungs.com\/magazin\/tag\/film\/\" class=\"tag-cloud-link tag-link-125 tag-link-position-16\" aria-label=\"Film (11\u00a0Eintr\u00e4ge)\">Film<\/a>\n<a href=\"https:\/\/www.meinejungs.com\/magazin\/tag\/ford\/\" class=\"tag-cloud-link tag-link-231 tag-link-position-17\" aria-label=\"Ford (8\u00a0Eintr\u00e4ge)\">Ford<\/a>\n<a href=\"https:\/\/www.meinejungs.com\/magazin\/tag\/fotografie\/\" class=\"tag-cloud-link tag-link-42 tag-link-position-18\" aria-label=\"Fotografie (17\u00a0Eintr\u00e4ge)\">Fotografie<\/a>\n<a href=\"https:\/\/www.meinejungs.com\/magazin\/tag\/fotos\/\" class=\"tag-cloud-link tag-link-418 tag-link-position-19\" aria-label=\"Fotos (8\u00a0Eintr\u00e4ge)\">Fotos<\/a>\n<a href=\"https:\/\/www.meinejungs.com\/magazin\/tag\/gartenhaus\/\" class=\"tag-cloud-link tag-link-611 tag-link-position-20\" aria-label=\"Gartenhaus (8\u00a0Eintr\u00e4ge)\">Gartenhaus<\/a>\n<a href=\"https:\/\/www.meinejungs.com\/magazin\/tag\/gelaendewagen\/\" class=\"tag-cloud-link tag-link-350 tag-link-position-21\" aria-label=\"Gel\u00e4ndewagen (14\u00a0Eintr\u00e4ge)\">Gel\u00e4ndewagen<\/a>\n<a href=\"https:\/\/www.meinejungs.com\/magazin\/tag\/haus\/\" class=\"tag-cloud-link tag-link-194 tag-link-position-22\" aria-label=\"Haus (93\u00a0Eintr\u00e4ge)\">Haus<\/a>\n<a href=\"https:\/\/www.meinejungs.com\/magazin\/tag\/holz\/\" class=\"tag-cloud-link tag-link-121 tag-link-position-23\" aria-label=\"Holz (8\u00a0Eintr\u00e4ge)\">Holz<\/a>\n<a href=\"https:\/\/www.meinejungs.com\/magazin\/tag\/hotel\/\" class=\"tag-cloud-link tag-link-31 tag-link-position-24\" aria-label=\"Hotel (8\u00a0Eintr\u00e4ge)\">Hotel<\/a>\n<a href=\"https:\/\/www.meinejungs.com\/magazin\/tag\/interior\/\" class=\"tag-cloud-link tag-link-109 tag-link-position-25\" aria-label=\"Interior (12\u00a0Eintr\u00e4ge)\">Interior<\/a>\n<a href=\"https:\/\/www.meinejungs.com\/magazin\/tag\/interview\/\" class=\"tag-cloud-link tag-link-20 tag-link-position-26\" aria-label=\"Interview (12\u00a0Eintr\u00e4ge)\">Interview<\/a>\n<a href=\"https:\/\/www.meinejungs.com\/magazin\/tag\/kamera\/\" class=\"tag-cloud-link tag-link-39 tag-link-position-27\" aria-label=\"Kamera (16\u00a0Eintr\u00e4ge)\">Kamera<\/a>\n<a href=\"https:\/\/www.meinejungs.com\/magazin\/tag\/kunst\/\" class=\"tag-cloud-link tag-link-54 tag-link-position-28\" aria-label=\"Kunst (12\u00a0Eintr\u00e4ge)\">Kunst<\/a>\n<a href=\"https:\/\/www.meinejungs.com\/magazin\/tag\/land-rover\/\" class=\"tag-cloud-link tag-link-348 tag-link-position-29\" aria-label=\"Land Rover (9\u00a0Eintr\u00e4ge)\">Land Rover<\/a>\n<a href=\"https:\/\/www.meinejungs.com\/magazin\/tag\/lego\/\" class=\"tag-cloud-link tag-link-135 tag-link-position-30\" aria-label=\"Lego (18\u00a0Eintr\u00e4ge)\">Lego<\/a>\n<a href=\"https:\/\/www.meinejungs.com\/magazin\/tag\/motorrad\/\" class=\"tag-cloud-link tag-link-220 tag-link-position-31\" aria-label=\"Motorrad (23\u00a0Eintr\u00e4ge)\">Motorrad<\/a>\n<a href=\"https:\/\/www.meinejungs.com\/magazin\/tag\/musik\/\" class=\"tag-cloud-link tag-link-91 tag-link-position-32\" aria-label=\"Musik (8\u00a0Eintr\u00e4ge)\">Musik<\/a>\n<a href=\"https:\/\/www.meinejungs.com\/magazin\/tag\/must-have\/\" class=\"tag-cloud-link tag-link-597 tag-link-position-33\" aria-label=\"Must Have (10\u00a0Eintr\u00e4ge)\">Must Have<\/a>\n<a href=\"https:\/\/www.meinejungs.com\/magazin\/tag\/natur\/\" class=\"tag-cloud-link tag-link-150 tag-link-position-34\" aria-label=\"Natur (18\u00a0Eintr\u00e4ge)\">Natur<\/a>\n<a href=\"https:\/\/www.meinejungs.com\/magazin\/tag\/offroad\/\" class=\"tag-cloud-link tag-link-47 tag-link-position-35\" aria-label=\"Offroad (8\u00a0Eintr\u00e4ge)\">Offroad<\/a>\n<a href=\"https:\/\/www.meinejungs.com\/magazin\/tag\/outdoor\/\" class=\"tag-cloud-link tag-link-165 tag-link-position-36\" aria-label=\"Outdoor (38\u00a0Eintr\u00e4ge)\">Outdoor<\/a>\n<a href=\"https:\/\/www.meinejungs.com\/magazin\/tag\/porsche\/\" class=\"tag-cloud-link tag-link-198 tag-link-position-37\" aria-label=\"Porsche (21\u00a0Eintr\u00e4ge)\">Porsche<\/a>\n<a href=\"https:\/\/www.meinejungs.com\/magazin\/tag\/produktdesign\/\" class=\"tag-cloud-link tag-link-83 tag-link-position-38\" aria-label=\"Produktdesign (9\u00a0Eintr\u00e4ge)\">Produktdesign<\/a>\n<a href=\"https:\/\/www.meinejungs.com\/magazin\/tag\/reisen\/\" class=\"tag-cloud-link tag-link-29 tag-link-position-39\" aria-label=\"Reisen (129\u00a0Eintr\u00e4ge)\">Reisen<\/a>\n<a href=\"https:\/\/www.meinejungs.com\/magazin\/tag\/spielzeug\/\" class=\"tag-cloud-link tag-link-175 tag-link-position-40\" aria-label=\"Spielzeug (13\u00a0Eintr\u00e4ge)\">Spielzeug<\/a>\n<a href=\"https:\/\/www.meinejungs.com\/magazin\/tag\/technik\/\" class=\"tag-cloud-link tag-link-89 tag-link-position-41\" aria-label=\"Technik (53\u00a0Eintr\u00e4ge)\">Technik<\/a>\n<a href=\"https:\/\/www.meinejungs.com\/magazin\/tag\/toyota\/\" class=\"tag-cloud-link tag-link-65 tag-link-position-42\" aria-label=\"Toyota (9\u00a0Eintr\u00e4ge)\">Toyota<\/a>\n<a href=\"https:\/\/www.meinejungs.com\/magazin\/tag\/travel\/\" class=\"tag-cloud-link tag-link-30 tag-link-position-43\" aria-label=\"Travel (100\u00a0Eintr\u00e4ge)\">Travel<\/a>\n<a href=\"https:\/\/www.meinejungs.com\/magazin\/tag\/truck\/\" class=\"tag-cloud-link tag-link-192 tag-link-position-44\" aria-label=\"Truck (10\u00a0Eintr\u00e4ge)\">Truck<\/a>\n<a href=\"https:\/\/www.meinejungs.com\/magazin\/tag\/vagabund\/\" class=\"tag-cloud-link tag-link-365 tag-link-position-45\" aria-label=\"Vagabund (9\u00a0Eintr\u00e4ge)\">Vagabund<\/a><\/div>\n<\/div><\/div><\/div><\/div><\/div><\/div><\/p>\n","protected":false},"excerpt":{"rendered":"<p>Das Rendering des Konzeptk\u00fcnstlers Khyzyl Saleem kombiniert zwei der kultigsten Autos der Branche. Das Ergebnis: Ein klassisch geschnittener VW K\u00e4fer mit den modernen und aggressiven Merkmalen des Porsche 992 GT3. <\/p>\n","protected":false},"author":11,"featured_media":4560,"comment_status":"open","ping_status":"open","sticky":false,"template":"","format":"standard","meta":{"footnotes":""},"categories":[14],"tags":[347,64,93,367,198,366],"_links":{"self":[{"href":"https:\/\/www.meinejungs.com\/magazin\/wp-json\/wp\/v2\/posts\/4556"}],"collection":[{"href":"https:\/\/www.meinejungs.com\/magazin\/wp-json\/wp\/v2\/posts"}],"about":[{"href":"https:\/\/www.meinejungs.com\/magazin\/wp-json\/wp\/v2\/types\/post"}],"author":[{"embeddable":true,"href":"https:\/\/www.meinejungs.com\/magazin\/wp-json\/wp\/v2\/users\/11"}],"replies":[{"embeddable":true,"href":"https:\/\/www.meinejungs.com\/magazin\/wp-json\/wp\/v2\/comments?post=4556"}],"version-history":[{"count":6,"href":"https:\/\/www.meinejungs.com\/magazin\/wp-json\/wp\/v2\/posts\/4556\/revisions"}],"predecessor-version":[{"id":4567,"href":"https:\/\/www.meinejungs.com\/magazin\/wp-json\/wp\/v2\/posts\/4556\/revisions\/4567"}],"wp:featuredmedia":[{"embeddable":true,"href":"https:\/\/www.meinejungs.com\/magazin\/wp-json\/wp\/v2\/media\/4560"}],"wp:attachment":[{"href":"https:\/\/www.meinejungs.com\/magazin\/wp-json\/wp\/v2\/media?parent=4556"}],"wp:term":[{"taxonomy":"category","embeddable":true,"href":"https:\/\/www.meinejungs.com\/magazin\/wp-json\/wp\/v2\/categories?post=4556"},{"taxonomy":"post_tag","embeddable":true,"href":"https:\/\/www.meinejungs.com\/magazin\/wp-json\/wp\/v2\/tags?post=4556"}],"curies":[{"name":"wp","href":"https:\/\/api.w.org\/{rel}","templated":true}]}}